{"id":910,"date":"2018-10-21T17:26:14","date_gmt":"2018-10-21T17:26:14","guid":{"rendered":"https:\/\/ora.si\/?p=910"},"modified":"2019-05-21T08:40:57","modified_gmt":"2019-05-21T08:40:57","slug":"zdrav-nacin-zivljenja-podjetnika-za-doseganje-boljsih-poslovnih-rezultatov","status":"publish","type":"post","link":"https:\/\/www.ora.si\/index.php\/2018\/10\/21\/zdrav-nacin-zivljenja-podjetnika-za-doseganje-boljsih-poslovnih-rezultatov\/","title":{"rendered":"Zdrav na\u010din \u017eivljenja podjetnika za doseganje bolj\u0161ih poslovnih rezultatov"},"content":{"rendered":"<p style=\"text-align: center;\">ORA Krasa in Brkinov<strong>, <\/strong>ki je partner projekta<strong>\u00a0SPOT svetovanje Obalno-kra\u0161ke regije<\/strong>, vas vljudno vabi na <strong>brezpla\u010dno delavnico <\/strong><\/p>\n<p style=\"text-align: center;\"><strong>\u00bbZDRAV NA\u010cIN \u017dIVLJENJA PODJETNIKA ZA DOSEGANJE BOLJ\u0160IH POSLOVNIH REZULTATOV,\u00ab<\/strong><\/p>\n<p style=\"text-align: center;\">ki bo <strong>v sredo 26. 09. 2018 ob 10:00,<\/strong><\/p>\n<p style=\"text-align: center;\"><strong>v prostorih Obmo\u010dne obrtno-podjetni\u0161ke zbornice Se\u017eana<\/strong>, Kra\u0161ka ulica 6, 6210 Se\u017eana<\/p>\n<\/p>\n<p style=\"text-align: center;\">\u010cas trajanja je predvidoma 2 \u0161olski uri.<\/p>\n<p style=\"text-align: center;\">Delavnica je brezpla\u010dna! Pohitite s prijavo, saj je \u0161tevilo mest omejeno.<\/p>\n<p style=\"text-align: center;\"><strong><a href=\"https:\/\/www.ora.si\/wp-content\/uploads\/2018\/08\/Vabilo-na-delavnico_Zdrav-na\u010din-\u017eivljenja-podjetnika-za-doseganje-bolj\u0161ih-poslovnih-rezultatov.pdf\" target=\"_blank\" rel=\"noopener noreferrer\">Vabilo na delavnico<\/a><\/strong><\/p>\n","protected":false},"excerpt":{"rendered":"<p>ORA Krasa in Brkinov, ki je partner projekta\u00a0SPOT svetovanje Obalno-kra\u0161ke regije, vas vljudno vabi na brezpla\u010dno delavnico \u00bbZDRAV NA\u010cIN \u017dIVLJENJA PODJETNIKA ZA DOSEGANJE BOLJ\u0160IH POSLOVNIH REZULTATOV,\u00ab ki bo v sredo 26. 09. 2018 ob 10:00, v prostorih Obmo\u010dne obrtno-podjetni\u0161ke zbornice Se\u017eana, Kra\u0161ka ulica 6, 6210 Se\u017eana \u010cas trajanja je predvidoma 2 \u0161olski uri. Delavnica je [&hellip;]<\/p>\n","protected":false},"author":2,"featured_media":911,"comment_status":"open","ping_status":"open","sticky":false,"template":"","format":"standard","meta":{"_genesis_hide_title":false,"_genesis_hide_breadcrumbs":false,"_genesis_hide_singular_image":false,"_genesis_hide_footer_widgets":false,"_genesis_custom_body_class":"","_genesis_custom_post_class":"","_genesis_layout":"","footnotes":""},"categories":[5],"tags":[],"class_list":{"0":"post-910","1":"post","2":"type-post","3":"status-publish","4":"format-standard","5":"has-post-thumbnail","7":"category-aktualne-zadeve","8":"entry"},"_links":{"self":[{"href":"https:\/\/www.ora.si\/index.php\/wp-json\/wp\/v2\/posts\/910","targetHints":{"allow":["GET"]}}],"collection":[{"href":"https:\/\/www.ora.si\/index.php\/wp-json\/wp\/v2\/posts"}],"about":[{"href":"https:\/\/www.ora.si\/index.php\/wp-json\/wp\/v2\/types\/post"}],"author":[{"embeddable":true,"href":"https:\/\/www.ora.si\/index.php\/wp-json\/wp\/v2\/users\/2"}],"replies":[{"embeddable":true,"href":"https:\/\/www.ora.si\/index.php\/wp-json\/wp\/v2\/comments?post=910"}],"version-history":[{"count":3,"href":"https:\/\/www.ora.si\/index.php\/wp-json\/wp\/v2\/posts\/910\/revisions"}],"predecessor-version":[{"id":1913,"href":"https:\/\/www.ora.si\/index.php\/wp-json\/wp\/v2\/posts\/910\/revisions\/1913"}],"wp:featuredmedia":[{"embeddable":true,"href":"https:\/\/www.ora.si\/index.php\/wp-json\/wp\/v2\/media\/911"}],"wp:attachment":[{"href":"https:\/\/www.ora.si\/index.php\/wp-json\/wp\/v2\/media?parent=910"}],"wp:term":[{"taxonomy":"category","embeddable":true,"href":"https:\/\/www.ora.si\/index.php\/wp-json\/wp\/v2\/categories?post=910"},{"taxonomy":"post_tag","embeddable":true,"href":"https:\/\/www.ora.si\/index.php\/wp-json\/wp\/v2\/tags?post=910"}],"curies":[{"name":"wp","href":"https:\/\/api.w.org\/{rel}","templated":true}]}}