{"id":3910,"date":"2024-09-09T06:52:46","date_gmt":"2024-09-09T06:52:46","guid":{"rendered":"https:\/\/www.ora.si\/?p=3910"},"modified":"2024-09-23T07:20:46","modified_gmt":"2024-09-23T07:20:46","slug":"poni-obalno-kraska-3-razpis-od-ideje-do-podjetniske-uresnicitve-v-4-mesecih","status":"publish","type":"post","link":"https:\/\/www.ora.si\/index.php\/2024\/09\/09\/poni-obalno-kraska-3-razpis-od-ideje-do-podjetniske-uresnicitve-v-4-mesecih\/","title":{"rendered":"PONI Obalno-kra\u0161ka 3. razpis &#8211; Od ideje do podjetni\u0161ke uresni\u010ditve v 4 mesecih"},"content":{"rendered":"\n\n\n\n\n<p>Regionalni razvojni center Koper vabi ambiciozne posameznike, ki imajo podjetni\u0161ko idejo, k sodelovanju v <a href=\"https:\/\/www.rrc-kp.si\/podjetno-nad-izzive-poni\/\">projektu PONI Obalno-kra\u0161ka<\/a>. Projekt omogo\u010da brezpla\u010dno<strong> \u0161tirimese\u010dno podjetni\u0161ko usposabljanje z mentorji in zunanjimi strokovnjaki<\/strong>. Cilj? Ustanovitev novih podjetij.<\/p>\n<p>Ciljne skupine so potencialni podjetniki (osebe s podjetni\u0161kimi idejami) ne glede na starost, spol in izobrazbo. Pogoj je, da izkazujejo namen in interes za podjetni\u0161tvo, imajo pogoje za sklenitev pogodbe o zaposlitvi.<\/p>\n<p>Predstavitev razpisa bo potekala v <strong>torek, 17. 9. 2024, ob 11.00<\/strong> preko spletne aplikacije Zoom. Vsi zainteresirani se lahko prijavijo na elektronsko po\u0161to <a href=\"mailto:tina.matekovic@rrc-kp.si\">tina.matekovic@rrc-kp.si<\/a>. Povezavo do predstavitve boste prejeli najkasneje 2 dni pred izvedbo predstavitve.<\/p>\n<p><strong>Prijave<\/strong> na <a href=\"https:\/\/www.rrc-kp.si\/3-javni-razpis-za-vkljucitev-v-projekt-podjetno-nad-izzive-poni-obalno-kraska-3-skupina\/\">3. razpis PONI<\/a> so odprte <strong>do 4. 10. 2024<\/strong>. Ne zamudite prilo\u017enosti, da stopite na pot podjetni\u0161tva!<\/p>\n\n\n","protected":false},"excerpt":{"rendered":"<p>Regionalni razvojni center Koper vabi ambiciozne posameznike, ki imajo podjetni\u0161ko idejo, k sodelovanju v projektu PONI Obalno-kra\u0161ka. Projekt omogo\u010da brezpla\u010dno \u0161tirimese\u010dno podjetni\u0161ko usposabljanje z mentorji in zunanjimi strokovnjaki. Cilj? Ustanovitev novih podjetij. Ciljne skupine so potencialni podjetniki (osebe s podjetni\u0161kimi idejami) ne glede na starost, spol in izobrazbo. Pogoj je, da izkazujejo namen in interes [&hellip;]<\/p>\n","protected":false},"author":2,"featured_media":3858,"comment_status":"open","ping_status":"open","sticky":false,"template":"","format":"standard","meta":{"_genesis_hide_title":false,"_genesis_hide_breadcrumbs":false,"_genesis_hide_singular_image":false,"_genesis_hide_footer_widgets":false,"_genesis_custom_body_class":"","_genesis_custom_post_class":"","_genesis_layout":"","footnotes":""},"categories":[5,1],"tags":[],"class_list":{"0":"post-3910","1":"post","2":"type-post","3":"status-publish","4":"format-standard","5":"has-post-thumbnail","7":"category-aktualne-zadeve","8":"category-uncategorized","9":"entry"},"_links":{"self":[{"href":"https:\/\/www.ora.si\/index.php\/wp-json\/wp\/v2\/posts\/3910","targetHints":{"allow":["GET"]}}],"collection":[{"href":"https:\/\/www.ora.si\/index.php\/wp-json\/wp\/v2\/posts"}],"about":[{"href":"https:\/\/www.ora.si\/index.php\/wp-json\/wp\/v2\/types\/post"}],"author":[{"embeddable":true,"href":"https:\/\/www.ora.si\/index.php\/wp-json\/wp\/v2\/users\/2"}],"replies":[{"embeddable":true,"href":"https:\/\/www.ora.si\/index.php\/wp-json\/wp\/v2\/comments?post=3910"}],"version-history":[{"count":3,"href":"https:\/\/www.ora.si\/index.php\/wp-json\/wp\/v2\/posts\/3910\/revisions"}],"predecessor-version":[{"id":3914,"href":"https:\/\/www.ora.si\/index.php\/wp-json\/wp\/v2\/posts\/3910\/revisions\/3914"}],"wp:featuredmedia":[{"embeddable":true,"href":"https:\/\/www.ora.si\/index.php\/wp-json\/wp\/v2\/media\/3858"}],"wp:attachment":[{"href":"https:\/\/www.ora.si\/index.php\/wp-json\/wp\/v2\/media?parent=3910"}],"wp:term":[{"taxonomy":"category","embeddable":true,"href":"https:\/\/www.ora.si\/index.php\/wp-json\/wp\/v2\/categories?post=3910"},{"taxonomy":"post_tag","embeddable":true,"href":"https:\/\/www.ora.si\/index.php\/wp-json\/wp\/v2\/tags?post=3910"}],"curies":[{"name":"wp","href":"https:\/\/api.w.org\/{rel}","templated":true}]}}