{"id":2704,"date":"2020-12-21T06:51:31","date_gmt":"2020-12-21T06:51:31","guid":{"rendered":"https:\/\/www.ora.si\/?p=2704"},"modified":"2020-12-21T06:51:32","modified_gmt":"2020-12-21T06:51:32","slug":"podjetno-nad-izzive-poni","status":"publish","type":"post","link":"https:\/\/www.ora.si\/index.php\/2020\/12\/21\/podjetno-nad-izzive-poni\/","title":{"rendered":"PODJETNO NAD IZZIVE \u2013 PONI"},"content":{"rendered":"\n<p>\u00a0<\/p>\n<p><img decoding=\"async\" src=\"https:\/\/www.rrc-kp.si\/images\/stories\/slike\/logotipi_poni.JPG\" alt=\"logotipi poni\" \/><\/p>\n<p>Regionalni razvojni center s svojimi projekti spodbuja in podpira razvoj novih podjetnikov. V letu 2021 pri\u010denjajo z izvedbo projekta <strong>PODJETNO NAD IZZIVE \u2013 PONI Obalno-kra\u0161ka.<\/strong> Z njim bodoo svetovalno, mentorsko ter finan\u010dno podprli posameznike, ki se na podjetni\u0161ko pot \u0161ele odpravljajo.<\/p>\n<p><strong>GLAVNI NAMEN:<\/strong>\u00a0Podjetni\u0161ko usposabljanje oseb, ki si \u017eelijo realizirati svojo podjetni\u0161ko idejo. Cilj projekta je zagon novih podjetij.<\/p>\n<p><strong>CILJNA SKUPINA:<\/strong>\u00a0Potencialni podjetniki (osebe s podjetni\u0161kimi idejami) ne glede na starost, spol in izobrazbo. Pogoj je, da izkazujejo namen in interes za podjetni\u0161tvo.<\/p>\n<p><strong>VSEBINA:<\/strong>\u00a0Udele\u017eenci projekta bodo pri RRC Koper zaposleni za obdobje \u0161tirih mesecev. V tem \u010dasu bodo pridobivali podjetni\u0161ka znanja, ki so potrebna za samostojno podjetni\u0161ko pot. Pod strokovnim mentorstvom in s pomo\u010djo usposobljenih svetovalcev bodo izdelali poslovni model in poslovni na\u010drt. Povezovali so bodo s podjetniki v spodbudnem in dobro opremljenem podjetni\u0161kem okolju.<\/p>\n<p>Mejniki projekta:<\/p>\n<ul>\n<li>\u00a01. mesec: opis poslovne ideje in izdelava poslovnega modela<\/li>\n<li>\u00a02. mesec: izdelava prvega osnutka poslovnega na\u010drta<\/li>\n<li>\u00a03. mesec: testiranje minimalno sprejemljiva proizvoda\/storitve na trgu, izdelava drugega osnutka poslovnega na\u010drta<\/li>\n<li>\u00a04. mesec: izdelava kon\u010dne verzije poslovnega na\u010drta<\/li>\n<\/ul>\n<p><strong>VKLJU\u010cITEV V PROJEKT:<\/strong>\u00a0Vklju\u010ditev v projekt bo potekala s prijavo na javni razpis za vklju\u010ditev v projekt, ki bo objavljen na spletni strani RRC Koper. Med prijavljenimi kandidati bo izbranih do 11 oseb. \u00a0V celotnem obdobju izvajanja bo v projekt vklju\u010denih 62 udele\u017eencev. \u00a0<\/p>\n<p><strong>OBDOBJE IZVAJANJA:\u00a0<\/strong>Objavljenih bo 6 razpisov v obdobju 2020-2023. Javni razpisi bodo objavljeni predvidoma vsake \u0161tiri mesece.<\/p>\n<p><strong>CILJ PROJEKTA<\/strong>\u00a0so novoustanovljeni poslovni subjekti (s.p., d.o.o. in druge oblike poslovnih subjektov). Rezultat, ki ga zasledujemo zajema vklju\u010ditev 62 potencialnih udele\u017eencev v program usposabljanja projekta PONI, izdelanih 62 novih poslovnih na\u010drtov in na trgu prestavljenih minimalno sprejemljivih produktov ter 30 % (oziroma 19) novoustanovljenih poslovnih subjektov na obmo\u010dju obalno-kra\u0161ke regije v celotnem obdobju.<\/p>\n<p><strong>FINANCIRANJE PROJEKTA<\/strong><\/p>\n<p>Nalo\u017ebo financirata Republika Slovenija in Evropska unija iz Evropskega sklada za regionalni razvoj. Projekt se izvaja v okviru \u00bbOperativnega programa za izvajanje Evropske kohezijske politike v obdobju 2014-2020\u00ab, prednostne osi \u00bbDinami\u010dno in konkuren\u010dno podjetni\u0161tvo za zeleno gospodarsko rast\u00ab, v okviru izvajanja prednostne nalo\u017ebe \u00bbSpodbujanje podjetni\u0161tva, zlasti z omogo\u010danjem la\u017eje gospodarske izrabe novih idej in spodbujanjem ustanavljanja novih podjetij, vklju\u010dno s podjetni\u0161kimi inkubatorji\u00ab, specifi\u010dnega cilja 1 \u00bbspodbujanje nastajanja in delovanja podjetij, predvsem start-up podjetij.\u00ab.<\/p>\n<p>Ve\u010d informacij: mag. Tina Jan\u010dar Matekovi\u010d,\u00a0<a href=\"mailto:tina.matekovic@rrc-kp.si\">tina.matekovic@rrc-kp.si<\/a>; 05 66 37 590<\/p>\n<p>\u00a0<\/p>\n<p><strong>Povezava na razpis:<\/strong><\/p>\n<p><a href=\"https:\/\/www.rrc-kp.si\/sl\/novice\/762-podjetno-nad-izzive-poni-obalno-kraska.html\">1. JAVNI RAZPIS za vklju\u010ditev v projekt Podjetno nad izzive \u2013 PONI\u00a0<\/a>\u00a0<\/p>\n","protected":false},"excerpt":{"rendered":"<p>\u00a0 Regionalni razvojni center s svojimi projekti spodbuja in podpira razvoj novih podjetnikov. V letu 2021 pri\u010denjajo z izvedbo projekta PODJETNO NAD IZZIVE \u2013 PONI Obalno-kra\u0161ka. Z njim bodoo svetovalno, mentorsko ter finan\u010dno podprli posameznike, ki se na podjetni\u0161ko pot \u0161ele odpravljajo. GLAVNI NAMEN:\u00a0Podjetni\u0161ko usposabljanje oseb, ki si \u017eelijo realizirati svojo podjetni\u0161ko idejo. Cilj projekta [&hellip;]<\/p>\n","protected":false},"author":2,"featured_media":7,"comment_status":"open","ping_status":"open","sticky":false,"template":"","format":"standard","meta":{"_genesis_hide_title":false,"_genesis_hide_breadcrumbs":false,"_genesis_hide_singular_image":false,"_genesis_hide_footer_widgets":false,"_genesis_custom_body_class":"","_genesis_custom_post_class":"","_genesis_layout":"","footnotes":""},"categories":[5],"tags":[],"class_list":{"0":"post-2704","1":"post","2":"type-post","3":"status-publish","4":"format-standard","5":"has-post-thumbnail","7":"category-aktualne-zadeve","8":"entry"},"_links":{"self":[{"href":"https:\/\/www.ora.si\/index.php\/wp-json\/wp\/v2\/posts\/2704","targetHints":{"allow":["GET"]}}],"collection":[{"href":"https:\/\/www.ora.si\/index.php\/wp-json\/wp\/v2\/posts"}],"about":[{"href":"https:\/\/www.ora.si\/index.php\/wp-json\/wp\/v2\/types\/post"}],"author":[{"embeddable":true,"href":"https:\/\/www.ora.si\/index.php\/wp-json\/wp\/v2\/users\/2"}],"replies":[{"embeddable":true,"href":"https:\/\/www.ora.si\/index.php\/wp-json\/wp\/v2\/comments?post=2704"}],"version-history":[{"count":1,"href":"https:\/\/www.ora.si\/index.php\/wp-json\/wp\/v2\/posts\/2704\/revisions"}],"predecessor-version":[{"id":2705,"href":"https:\/\/www.ora.si\/index.php\/wp-json\/wp\/v2\/posts\/2704\/revisions\/2705"}],"wp:featuredmedia":[{"embeddable":true,"href":"https:\/\/www.ora.si\/index.php\/wp-json\/wp\/v2\/media\/7"}],"wp:attachment":[{"href":"https:\/\/www.ora.si\/index.php\/wp-json\/wp\/v2\/media?parent=2704"}],"wp:term":[{"taxonomy":"category","embeddable":true,"href":"https:\/\/www.ora.si\/index.php\/wp-json\/wp\/v2\/categories?post=2704"},{"taxonomy":"post_tag","embeddable":true,"href":"https:\/\/www.ora.si\/index.php\/wp-json\/wp\/v2\/tags?post=2704"}],"curies":[{"name":"wp","href":"https:\/\/api.w.org\/{rel}","templated":true}]}}